{"id":1854,"date":"2026-03-23T09:43:12","date_gmt":"2026-03-23T08:43:12","guid":{"rendered":"https:\/\/wir-tschaft.jetzt\/?p=1854"},"modified":"2026-03-23T09:46:47","modified_gmt":"2026-03-23T08:46:47","slug":"wassersensibles-unternehmen","status":"publish","type":"post","link":"https:\/\/wir-tschaft.jetzt\/en\/wassersensibles-unternehmen\/","title":{"rendered":"Ein wassersensibles Unternehmen werden: \u201eVom Verbrauch zur Quelle\u201c"},"content":{"rendered":"<p><em>* <\/em>1 ehrliche Wasserbilanz (Verbrauch, Quellen, Risiken)<\/p>\n\n\n\n<p>* 1 Portion Mut zur Transparenz<\/p>\n\n\n\n<p>* 2\u20133 konkrete Einsparziele<\/p>\n\n\n\n<p>* Technik f\u00fcr Kreislauff\u00fchrung (z. B. Regenwassernutzung)<\/p>\n\n\n\n<p>* Kreative L\u00f6sungen wie Dachbegr\u00fcnung oder wassersparende Sanit\u00e4rsysteme<\/p>\n\n\n\n<p>* Mitarbeitende als Mitgestalter:innen<\/p>\n\n\n\n<p>* Kooperationen mit regionalen Partnern<\/p>\n\n\n\n<hr class=\"wp-block-separator has-alpha-channel-opacity\"\/>\n\n\n\n<p><\/p>\n\n\n\n<p>Wasser ist die Grundlage allen Wirtschaftens. Ohne Wasser keine Produktion, keine Lebensmittel, keine Energie, kein Leben.<\/p>\n\n\n\n<p>Wir laden Organisationen ein, Wasser neu zu denken: nicht als Verbrauchsgut, sondern als Kreislaufressource. Nicht als Kostenfaktor, sondern als strategischen Zukunftsfaktor. <\/p>\n\n\n\n<p>Wasser ist Leben. Und Wirtschaft braucht Leben.<\/p>\n\n\n\n<p>Lasst uns gemeinsam daf\u00fcr sorgen, dass auch kommende Generationen noch aus vollen Quellen sch\u00f6pfen k\u00f6nnen \u2013 nicht weil sie unersch\u00f6pflich sind, sondern weil wir gelernt haben, sie zu h\u00fcten. \ud83d\udca7<\/p>\n\n\n\n<hr class=\"wp-block-separator has-alpha-channel-opacity\"\/>\n\n\n\n<p><\/p>\n\n\n\n<h3 class=\"wp-block-heading\"><strong>\ud83d\udc69\u200d\ud83c\udf73<\/strong> Preparation:<\/h3>\n\n\n\n<p><\/p>\n\n\n\n<p><strong>1. Wasserbilanz erstellen \u2013 wissen, wof\u00fcr du stehst<\/strong><br>Wie viel Wasser verbraucht dein Unternehmen direkt und indirekt? Wo entsteht Abwasser? Welche Risiken bestehen durch Trockenperioden oder Starkregen?<br>Was du misst, kannst du gestalten.<\/p>\n\n\n\n<p><\/p>\n\n\n\n<p><strong>2. Sparpotenziale heben \u2013 Effizienz nutzen<\/strong><\/p>\n\n\n\n<ul class=\"wp-block-list\">\n<li>&#8211; Wassersparende Armaturen und Sensorsteuerung<\/li>\n\n\n\n<li>&#8211; Prozessoptimierung in Produktion und Reinigung<\/li>\n\n\n\n<li>&#8211; Geschlossene K\u00fchlkreisl\u00e4ufe<\/li>\n\n\n\n<li>&#8211; Leckage-Management<\/li>\n<\/ul>\n\n\n\n<p><\/p>\n\n\n\n<p>Oft lassen sich 20\u201330 % einsparen \u2013 ohne Komfortverlust.<\/p>\n\n\n\n<p><\/p>\n\n\n\n<p><strong>3. Kreisl\u00e4ufe schlie\u00dfen \u2013 Konsistenz leben<\/strong><\/p>\n\n\n\n<ul class=\"wp-block-list\">\n<li>&#8211; Regenwassernutzung f\u00fcr Toiletten oder Bew\u00e4sserung<\/li>\n\n\n\n<li>&#8211; Grauwasser-Aufbereitung<\/li>\n\n\n\n<li>&#8211; Wasserkreisl\u00e4ufe in Produktionsprozessen<\/li>\n\n\n\n<li>&#8211; Kooperation mit Nachbarunternehmen (Industriesymbiose)<\/li>\n<\/ul>\n\n\n\n<p><\/p>\n\n\n\n<p>Wasser, das einmal genutzt wurde, ist kein Abfall \u2013 sondern Rohstoff.<\/p>\n\n\n\n<p><\/p>\n\n\n\n<p><strong>4. Dach- und Fassadenbegr\u00fcnung integrieren<\/strong><br>Begr\u00fcnte D\u00e4cher speichern Regenwasser, entlasten die Kanalisation, k\u00fchlen Geb\u00e4ude und erh\u00f6hen die Biodiversit\u00e4t.<br>Sie wirken wie ein nat\u00fcrlicher Schwamm \u2013 besonders wertvoll bei Starkregen und Hitze.<\/p>\n\n\n\n<p><\/p>\n\n\n\n<p><strong>5. Neue Sanit\u00e4rkonzepte pr\u00fcfen<\/strong><\/p>\n\n\n\n<ul class=\"wp-block-list\">\n<li>&#8211; Vakuumtoiletten<\/li>\n\n\n\n<li>&#8211; Wasserlose Urinale<\/li>\n\n\n\n<li>&#8211; Trockentrenntoiletten (besonders f\u00fcr Au\u00dfenbereiche oder Events)<\/li>\n<\/ul>\n\n\n\n<p><\/p>\n\n\n\n<p>Solche L\u00f6sungen sparen nicht nur Wasser \u2013 sie er\u00f6ffnen neue Stoffkreisl\u00e4ufe.<\/p>\n\n\n\n<p><\/p>\n\n\n\n<p><strong>6. Kultur entwickeln \u2013 Wasser wertsch\u00e4tzen<\/strong><br>Technik allein reicht nicht.<br>Gestalte interne Kampagnen, Ideenwettbewerbe oder Aktionstage zum Thema Wasser.<br>Wer versteht, warum Wasser kostbar ist, geht anders damit um.<\/p>\n\n\n\n<hr class=\"wp-block-separator has-alpha-channel-opacity\"\/>\n\n\n\n<p><\/p>\n\n\n\n<p><strong>\ud83c\udf31 W\u00fcrze: Suffizienz<\/strong><\/p>\n\n\n\n<p> Brauchen wir jede wasserintensive Dienstleistung?<br>K\u00f6nnen Prozesse entschlackt oder Alternativen genutzt werden?<br>Manchmal liegt der gr\u00f6\u00dfte Hebel nicht im \u201eWie\u201c, sondern im \u201eOb\u201c.<\/p>\n\n\n\n<hr class=\"wp-block-separator has-alpha-channel-opacity\"\/>\n\n\n\n<p><\/p>\n\n\n\n<p><strong>\ud83c\udf7d\ufe0f Wirkung<\/strong><\/p>\n\n\n\n<p>Ein wassersensibles Unternehmen:<\/p>\n\n\n\n<ul class=\"wp-block-list\">\n<li>&#8211; senkt Betriebskosten<\/li>\n\n\n\n<li>&#8211; reduziert Klimarisiken<\/li>\n\n\n\n<li>&#8211; st\u00e4rkt Resilienz<\/li>\n\n\n\n<li>&#8211; verbessert sein Nachhaltigkeitsprofil<\/li>\n\n\n\n<li>&#8211; wird attraktiver f\u00fcr Kund:innen und Mitarbeitende<\/li>\n<\/ul>\n\n\n\n<p>Und es \u00fcbernimmt Verantwortung f\u00fcr ein Gemeingut.<\/p>\n\n\n\n<p><\/p>\n\n\n\n<hr class=\"wp-block-separator has-alpha-channel-opacity\"\/>\n\n\n\n<p><\/p>\n\n\n\n<p><strong>\ud83c\udf0d Dieses Rezept zahlt ein auf:<\/strong><\/p>\n\n\n\n<ul class=\"wp-block-list\">\n<li>&#8211; SDG 6 \u2013 Sauberes Wasser und Sanit\u00e4reinrichtungen<\/li>\n\n\n\n<li>&#8211; SDG 12 \u2013 Nachhaltige\/r Konsum und Produktion<\/li>\n\n\n\n<li>&#8211; SDG 13 \u2013 Ma\u00dfnahmen zum Klimaschutz<\/li>\n\n\n\n<li>&#8211; SDG 11 \u2013 Nachhaltige St\u00e4dte und Gemeinden<\/li>\n<\/ul>\n\n\n\n<p><\/p>\n\n\n\n<p><br><strong><em>Have fun cooking!<\/em><\/strong><\/p>\n\n\n\n<p><\/p>\n\n\n\n<p><\/p>\n\n\n\n<p><strong>Anyone who has tried or modified the recipe, feel free to comment!<\/strong><br><br><\/p>\n\n\n\n<div class=\"wp-block-buttons is-layout-flex wp-block-buttons-is-layout-flex\">\n<div class=\"wp-block-button is-style-outline is-style-outline--2\"><a class=\"wp-block-button__link no-border-radius wp-element-button\" href=\"https:\/\/wir-tschaft.jetzt\/wp-content\/uploads\/Rezept-Transformationsleitfaden.pdf\" rel=\"https:\/\/wir-tschaft.jetzt\/wp-content\/uploads\/REZEPT-Genuegsamkeit-in-Unternehmen.pdf noopener\">Download recipe as PDF<\/a><\/div>\n<\/div>\n\n\n\n<p><br><br><br><\/p>\n\n\n\n<hr class=\"wp-block-separator has-text-color has-black-color has-css-opacity has-black-background-color has-background is-style-wide\"\/>\n\n\n\n<p>This recipe is from<strong> <\/strong><br><strong>WIR wie WIRtschaft &#8211; <\/strong>Frank Brown<\/p>\n\n\n\n<p><\/p>","protected":false},"excerpt":{"rendered":"<p>* 1 ehrliche Wasserbilanz (Verbrauch, Quellen, Risiken) * 1 Portion Mut zur Transparenz * 2\u20133 konkrete Einsparziele * Technik f\u00fcr Kreislauff\u00fchrung (z. B. Regenwassernutzung) *<a href=\"https:\/\/wir-tschaft.jetzt\/en\/wassersensibles-unternehmen\/\" class=\"more-link\">View More<\/a><\/p>","protected":false},"author":3,"featured_media":1675,"comment_status":"open","ping_status":"open","sticky":false,"template":"","format":"standard","meta":{"footnotes":""},"categories":[14,12],"tags":[],"class_list":["post-1854","post","type-post","status-publish","format-standard","has-post-thumbnail","hentry","category-alle-rezepte","category-fortgeschritten"],"yoast_head":"<!-- This site is optimized with the Yoast SEO plugin v24.5 - https:\/\/yoast.com\/wordpress\/plugins\/seo\/ -->\n<title>Ein wassersensibles Unternehmen werden: \u201eVom Verbrauch zur Quelle\u201c<\/title>\n<meta name=\"description\" content=\"Ein wassersensibles Unternehmen werden: Wir laden Organisationen ein, Wasser neu zu denken: nicht als Verbrauchsgut, sondern als Kreislaufressource. Nicht als Kostenfaktor, sondern als strategischen Zukunftsfaktor.\" \/>\n<meta name=\"robots\" content=\"index, follow, max-snippet:-1, max-image-preview:large, max-video-preview:-1\" \/>\n<link rel=\"canonical\" href=\"https:\/\/wir-tschaft.jetzt\/en\/wassersensibles-unternehmen\/\" \/>\n<meta property=\"og:locale\" content=\"en_US\" \/>\n<meta property=\"og:type\" content=\"article\" \/>\n<meta property=\"og:title\" content=\"Ein wassersensibles Unternehmen werden: \u201eVom Verbrauch zur Quelle\u201c\" \/>\n<meta property=\"og:description\" content=\"Ein wassersensibles Unternehmen werden: Wir laden Organisationen ein, Wasser neu zu denken: nicht als Verbrauchsgut, sondern als Kreislaufressource. Nicht als Kostenfaktor, sondern als strategischen Zukunftsfaktor.\" \/>\n<meta property=\"og:url\" content=\"https:\/\/wir-tschaft.jetzt\/en\/wassersensibles-unternehmen\/\" \/>\n<meta property=\"og:site_name\" content=\"WIR wie WIRtschaft\" \/>\n<meta property=\"article:publisher\" content=\"https:\/\/www.facebook.com\/Wir.wie.WIRtschaft\/\" \/>\n<meta property=\"article:published_time\" content=\"2026-03-23T08:43:12+00:00\" \/>\n<meta property=\"article:modified_time\" content=\"2026-03-23T08:46:47+00:00\" \/>\n<meta property=\"og:image\" content=\"https:\/\/wir-tschaft.jetzt\/wp-content\/uploads\/Rezept-Transformationsleitfaden.jpg\" \/>\n\t<meta property=\"og:image:width\" content=\"833\" \/>\n\t<meta property=\"og:image:height\" content=\"833\" \/>\n\t<meta property=\"og:image:type\" content=\"image\/jpeg\" \/>\n<meta name=\"author\" content=\"Kerstin Seeger\" \/>\n<meta name=\"twitter:card\" content=\"summary_large_image\" \/>\n<meta name=\"twitter:creator\" content=\"@WTschaft\" \/>\n<meta name=\"twitter:site\" content=\"@WTschaft\" \/>\n<meta name=\"twitter:label1\" content=\"Written by\" \/>\n\t<meta name=\"twitter:data1\" content=\"Kerstin Seeger\" \/>\n\t<meta name=\"twitter:label2\" content=\"Est. reading time\" \/>\n\t<meta name=\"twitter:data2\" content=\"2 minutes\" \/>\n<script type=\"application\/ld+json\" class=\"yoast-schema-graph\">{\"@context\":\"https:\/\/schema.org\",\"@graph\":[{\"@type\":\"Article\",\"@id\":\"https:\/\/wir-tschaft.jetzt\/wassersensibles-unternehmen\/#article\",\"isPartOf\":{\"@id\":\"https:\/\/wir-tschaft.jetzt\/wassersensibles-unternehmen\/\"},\"author\":{\"name\":\"Kerstin Seeger\",\"@id\":\"https:\/\/wir-tschaft.jetzt\/#\/schema\/person\/52621500b65971178efcd6c7248aba51\"},\"headline\":\"Ein wassersensibles Unternehmen werden: \u201eVom Verbrauch zur Quelle\u201c\",\"datePublished\":\"2026-03-23T08:43:12+00:00\",\"dateModified\":\"2026-03-23T08:46:47+00:00\",\"mainEntityOfPage\":{\"@id\":\"https:\/\/wir-tschaft.jetzt\/wassersensibles-unternehmen\/\"},\"wordCount\":438,\"commentCount\":0,\"publisher\":{\"@id\":\"https:\/\/wir-tschaft.jetzt\/#organization\"},\"image\":{\"@id\":\"https:\/\/wir-tschaft.jetzt\/wassersensibles-unternehmen\/#primaryimage\"},\"thumbnailUrl\":\"https:\/\/wir-tschaft.jetzt\/wp-content\/uploads\/Rezept-Transformationsleitfaden.jpg\",\"articleSection\":[\"Alle Rezepte\",\"fortgeschritten\"],\"inLanguage\":\"en-US\",\"potentialAction\":[{\"@type\":\"CommentAction\",\"name\":\"Comment\",\"target\":[\"https:\/\/wir-tschaft.jetzt\/wassersensibles-unternehmen\/#respond\"]}]},{\"@type\":\"WebPage\",\"@id\":\"https:\/\/wir-tschaft.jetzt\/wassersensibles-unternehmen\/\",\"url\":\"https:\/\/wir-tschaft.jetzt\/wassersensibles-unternehmen\/\",\"name\":\"Ein wassersensibles Unternehmen werden: \u201eVom Verbrauch zur Quelle\u201c\",\"isPartOf\":{\"@id\":\"https:\/\/wir-tschaft.jetzt\/#website\"},\"primaryImageOfPage\":{\"@id\":\"https:\/\/wir-tschaft.jetzt\/wassersensibles-unternehmen\/#primaryimage\"},\"image\":{\"@id\":\"https:\/\/wir-tschaft.jetzt\/wassersensibles-unternehmen\/#primaryimage\"},\"thumbnailUrl\":\"https:\/\/wir-tschaft.jetzt\/wp-content\/uploads\/Rezept-Transformationsleitfaden.jpg\",\"datePublished\":\"2026-03-23T08:43:12+00:00\",\"dateModified\":\"2026-03-23T08:46:47+00:00\",\"description\":\"Ein wassersensibles Unternehmen werden: Wir laden Organisationen ein, Wasser neu zu denken: nicht als Verbrauchsgut, sondern als Kreislaufressource. Nicht als Kostenfaktor, sondern als strategischen Zukunftsfaktor.\",\"breadcrumb\":{\"@id\":\"https:\/\/wir-tschaft.jetzt\/wassersensibles-unternehmen\/#breadcrumb\"},\"inLanguage\":\"en-US\",\"potentialAction\":[{\"@type\":\"ReadAction\",\"target\":[\"https:\/\/wir-tschaft.jetzt\/wassersensibles-unternehmen\/\"]}]},{\"@type\":\"ImageObject\",\"inLanguage\":\"en-US\",\"@id\":\"https:\/\/wir-tschaft.jetzt\/wassersensibles-unternehmen\/#primaryimage\",\"url\":\"https:\/\/wir-tschaft.jetzt\/wp-content\/uploads\/Rezept-Transformationsleitfaden.jpg\",\"contentUrl\":\"https:\/\/wir-tschaft.jetzt\/wp-content\/uploads\/Rezept-Transformationsleitfaden.jpg\",\"width\":833,\"height\":833},{\"@type\":\"BreadcrumbList\",\"@id\":\"https:\/\/wir-tschaft.jetzt\/wassersensibles-unternehmen\/#breadcrumb\",\"itemListElement\":[{\"@type\":\"ListItem\",\"position\":1,\"name\":\"Startseite\",\"item\":\"https:\/\/wir-tschaft.jetzt\/\"},{\"@type\":\"ListItem\",\"position\":2,\"name\":\"Ein wassersensibles Unternehmen werden: \u201eVom Verbrauch zur Quelle\u201c\"}]},{\"@type\":\"WebSite\",\"@id\":\"https:\/\/wir-tschaft.jetzt\/#website\",\"url\":\"https:\/\/wir-tschaft.jetzt\/\",\"name\":\"WIR wie WIRtschaft\",\"description\":\"WIRtschaft gemeinsam neu kochen\",\"publisher\":{\"@id\":\"https:\/\/wir-tschaft.jetzt\/#organization\"},\"potentialAction\":[{\"@type\":\"SearchAction\",\"target\":{\"@type\":\"EntryPoint\",\"urlTemplate\":\"https:\/\/wir-tschaft.jetzt\/?s={search_term_string}\"},\"query-input\":{\"@type\":\"PropertyValueSpecification\",\"valueRequired\":true,\"valueName\":\"search_term_string\"}}],\"inLanguage\":\"en-US\"},{\"@type\":\"Organization\",\"@id\":\"https:\/\/wir-tschaft.jetzt\/#organization\",\"name\":\"WIR wie WIRtschaft\",\"url\":\"https:\/\/wir-tschaft.jetzt\/\",\"logo\":{\"@type\":\"ImageObject\",\"inLanguage\":\"en-US\",\"@id\":\"https:\/\/wir-tschaft.jetzt\/#\/schema\/logo\/image\/\",\"url\":\"https:\/\/wir-tschaft.jetzt\/wp-content\/uploads\/2020\/12\/WIRtschaft-Logo800x600.png\",\"contentUrl\":\"https:\/\/wir-tschaft.jetzt\/wp-content\/uploads\/2020\/12\/WIRtschaft-Logo800x600.png\",\"width\":1667,\"height\":1250,\"caption\":\"WIR wie WIRtschaft\"},\"image\":{\"@id\":\"https:\/\/wir-tschaft.jetzt\/#\/schema\/logo\/image\/\"},\"sameAs\":[\"https:\/\/www.facebook.com\/Wir.wie.WIRtschaft\/\",\"https:\/\/x.com\/WTschaft\",\"https:\/\/www.instagram.com\/wir_tschaft\/\"]},{\"@type\":\"Person\",\"@id\":\"https:\/\/wir-tschaft.jetzt\/#\/schema\/person\/52621500b65971178efcd6c7248aba51\",\"name\":\"Kerstin Seeger\",\"image\":{\"@type\":\"ImageObject\",\"inLanguage\":\"en-US\",\"@id\":\"https:\/\/wir-tschaft.jetzt\/#\/schema\/person\/image\/\",\"url\":\"https:\/\/secure.gravatar.com\/avatar\/b2dc6ac5feee3b5fbbfc5cac024efff0?s=96&d=mm&r=g\",\"contentUrl\":\"https:\/\/secure.gravatar.com\/avatar\/b2dc6ac5feee3b5fbbfc5cac024efff0?s=96&d=mm&r=g\",\"caption\":\"Kerstin Seeger\"},\"url\":\"https:\/\/wir-tschaft.jetzt\/en\/author\/kerstin\/\"}]}<\/script>\n<!-- \/ Yoast SEO plugin. -->","yoast_head_json":{"title":"Ein wassersensibles Unternehmen werden: \u201eVom Verbrauch zur Quelle\u201c","description":"Ein wassersensibles Unternehmen werden: Wir laden Organisationen ein, Wasser neu zu denken: nicht als Verbrauchsgut, sondern als Kreislaufressource. Nicht als Kostenfaktor, sondern als strategischen Zukunftsfaktor.","robots":{"index":"index","follow":"follow","max-snippet":"max-snippet:-1","max-image-preview":"max-image-preview:large","max-video-preview":"max-video-preview:-1"},"canonical":"https:\/\/wir-tschaft.jetzt\/en\/wassersensibles-unternehmen\/","og_locale":"en_US","og_type":"article","og_title":"Ein wassersensibles Unternehmen werden: \u201eVom Verbrauch zur Quelle\u201c","og_description":"Ein wassersensibles Unternehmen werden: Wir laden Organisationen ein, Wasser neu zu denken: nicht als Verbrauchsgut, sondern als Kreislaufressource. Nicht als Kostenfaktor, sondern als strategischen Zukunftsfaktor.","og_url":"https:\/\/wir-tschaft.jetzt\/en\/wassersensibles-unternehmen\/","og_site_name":"WIR wie WIRtschaft","article_publisher":"https:\/\/www.facebook.com\/Wir.wie.WIRtschaft\/","article_published_time":"2026-03-23T08:43:12+00:00","article_modified_time":"2026-03-23T08:46:47+00:00","og_image":[{"width":833,"height":833,"url":"https:\/\/wir-tschaft.jetzt\/wp-content\/uploads\/Rezept-Transformationsleitfaden.jpg","type":"image\/jpeg"}],"author":"Kerstin Seeger","twitter_card":"summary_large_image","twitter_creator":"@WTschaft","twitter_site":"@WTschaft","twitter_misc":{"Written by":"Kerstin Seeger","Est. reading time":"2 minutes"},"schema":{"@context":"https:\/\/schema.org","@graph":[{"@type":"Article","@id":"https:\/\/wir-tschaft.jetzt\/wassersensibles-unternehmen\/#article","isPartOf":{"@id":"https:\/\/wir-tschaft.jetzt\/wassersensibles-unternehmen\/"},"author":{"name":"Kerstin Seeger","@id":"https:\/\/wir-tschaft.jetzt\/#\/schema\/person\/52621500b65971178efcd6c7248aba51"},"headline":"Ein wassersensibles Unternehmen werden: \u201eVom Verbrauch zur Quelle\u201c","datePublished":"2026-03-23T08:43:12+00:00","dateModified":"2026-03-23T08:46:47+00:00","mainEntityOfPage":{"@id":"https:\/\/wir-tschaft.jetzt\/wassersensibles-unternehmen\/"},"wordCount":438,"commentCount":0,"publisher":{"@id":"https:\/\/wir-tschaft.jetzt\/#organization"},"image":{"@id":"https:\/\/wir-tschaft.jetzt\/wassersensibles-unternehmen\/#primaryimage"},"thumbnailUrl":"https:\/\/wir-tschaft.jetzt\/wp-content\/uploads\/Rezept-Transformationsleitfaden.jpg","articleSection":["Alle Rezepte","fortgeschritten"],"inLanguage":"en-US","potentialAction":[{"@type":"CommentAction","name":"Comment","target":["https:\/\/wir-tschaft.jetzt\/wassersensibles-unternehmen\/#respond"]}]},{"@type":"WebPage","@id":"https:\/\/wir-tschaft.jetzt\/wassersensibles-unternehmen\/","url":"https:\/\/wir-tschaft.jetzt\/wassersensibles-unternehmen\/","name":"Ein wassersensibles Unternehmen werden: \u201eVom Verbrauch zur Quelle\u201c","isPartOf":{"@id":"https:\/\/wir-tschaft.jetzt\/#website"},"primaryImageOfPage":{"@id":"https:\/\/wir-tschaft.jetzt\/wassersensibles-unternehmen\/#primaryimage"},"image":{"@id":"https:\/\/wir-tschaft.jetzt\/wassersensibles-unternehmen\/#primaryimage"},"thumbnailUrl":"https:\/\/wir-tschaft.jetzt\/wp-content\/uploads\/Rezept-Transformationsleitfaden.jpg","datePublished":"2026-03-23T08:43:12+00:00","dateModified":"2026-03-23T08:46:47+00:00","description":"Ein wassersensibles Unternehmen werden: Wir laden Organisationen ein, Wasser neu zu denken: nicht als Verbrauchsgut, sondern als Kreislaufressource. Nicht als Kostenfaktor, sondern als strategischen Zukunftsfaktor.","breadcrumb":{"@id":"https:\/\/wir-tschaft.jetzt\/wassersensibles-unternehmen\/#breadcrumb"},"inLanguage":"en-US","potentialAction":[{"@type":"ReadAction","target":["https:\/\/wir-tschaft.jetzt\/wassersensibles-unternehmen\/"]}]},{"@type":"ImageObject","inLanguage":"en-US","@id":"https:\/\/wir-tschaft.jetzt\/wassersensibles-unternehmen\/#primaryimage","url":"https:\/\/wir-tschaft.jetzt\/wp-content\/uploads\/Rezept-Transformationsleitfaden.jpg","contentUrl":"https:\/\/wir-tschaft.jetzt\/wp-content\/uploads\/Rezept-Transformationsleitfaden.jpg","width":833,"height":833},{"@type":"BreadcrumbList","@id":"https:\/\/wir-tschaft.jetzt\/wassersensibles-unternehmen\/#breadcrumb","itemListElement":[{"@type":"ListItem","position":1,"name":"Startseite","item":"https:\/\/wir-tschaft.jetzt\/"},{"@type":"ListItem","position":2,"name":"Ein wassersensibles Unternehmen werden: \u201eVom Verbrauch zur Quelle\u201c"}]},{"@type":"WebSite","@id":"https:\/\/wir-tschaft.jetzt\/#website","url":"https:\/\/wir-tschaft.jetzt\/","name":"WIR wie WIRtschaft","description":"WIRtschaft gemeinsam neu kochen","publisher":{"@id":"https:\/\/wir-tschaft.jetzt\/#organization"},"potentialAction":[{"@type":"SearchAction","target":{"@type":"EntryPoint","urlTemplate":"https:\/\/wir-tschaft.jetzt\/?s={search_term_string}"},"query-input":{"@type":"PropertyValueSpecification","valueRequired":true,"valueName":"search_term_string"}}],"inLanguage":"en-US"},{"@type":"Organization","@id":"https:\/\/wir-tschaft.jetzt\/#organization","name":"WIR wie WIRtschaft","url":"https:\/\/wir-tschaft.jetzt\/","logo":{"@type":"ImageObject","inLanguage":"en-US","@id":"https:\/\/wir-tschaft.jetzt\/#\/schema\/logo\/image\/","url":"https:\/\/wir-tschaft.jetzt\/wp-content\/uploads\/2020\/12\/WIRtschaft-Logo800x600.png","contentUrl":"https:\/\/wir-tschaft.jetzt\/wp-content\/uploads\/2020\/12\/WIRtschaft-Logo800x600.png","width":1667,"height":1250,"caption":"WIR wie WIRtschaft"},"image":{"@id":"https:\/\/wir-tschaft.jetzt\/#\/schema\/logo\/image\/"},"sameAs":["https:\/\/www.facebook.com\/Wir.wie.WIRtschaft\/","https:\/\/x.com\/WTschaft","https:\/\/www.instagram.com\/wir_tschaft\/"]},{"@type":"Person","@id":"https:\/\/wir-tschaft.jetzt\/#\/schema\/person\/52621500b65971178efcd6c7248aba51","name":"Kerstin Seeger","image":{"@type":"ImageObject","inLanguage":"en-US","@id":"https:\/\/wir-tschaft.jetzt\/#\/schema\/person\/image\/","url":"https:\/\/secure.gravatar.com\/avatar\/b2dc6ac5feee3b5fbbfc5cac024efff0?s=96&d=mm&r=g","contentUrl":"https:\/\/secure.gravatar.com\/avatar\/b2dc6ac5feee3b5fbbfc5cac024efff0?s=96&d=mm&r=g","caption":"Kerstin Seeger"},"url":"https:\/\/wir-tschaft.jetzt\/en\/author\/kerstin\/"}]}},"_links":{"self":[{"href":"https:\/\/wir-tschaft.jetzt\/en\/wp-json\/wp\/v2\/posts\/1854","targetHints":{"allow":["GET"]}}],"collection":[{"href":"https:\/\/wir-tschaft.jetzt\/en\/wp-json\/wp\/v2\/posts"}],"about":[{"href":"https:\/\/wir-tschaft.jetzt\/en\/wp-json\/wp\/v2\/types\/post"}],"author":[{"embeddable":true,"href":"https:\/\/wir-tschaft.jetzt\/en\/wp-json\/wp\/v2\/users\/3"}],"replies":[{"embeddable":true,"href":"https:\/\/wir-tschaft.jetzt\/en\/wp-json\/wp\/v2\/comments?post=1854"}],"version-history":[{"count":2,"href":"https:\/\/wir-tschaft.jetzt\/en\/wp-json\/wp\/v2\/posts\/1854\/revisions"}],"predecessor-version":[{"id":1857,"href":"https:\/\/wir-tschaft.jetzt\/en\/wp-json\/wp\/v2\/posts\/1854\/revisions\/1857"}],"wp:featuredmedia":[{"embeddable":true,"href":"https:\/\/wir-tschaft.jetzt\/en\/wp-json\/wp\/v2\/media\/1675"}],"wp:attachment":[{"href":"https:\/\/wir-tschaft.jetzt\/en\/wp-json\/wp\/v2\/media?parent=1854"}],"wp:term":[{"taxonomy":"category","embeddable":true,"href":"https:\/\/wir-tschaft.jetzt\/en\/wp-json\/wp\/v2\/categories?post=1854"},{"taxonomy":"post_tag","embeddable":true,"href":"https:\/\/wir-tschaft.jetzt\/en\/wp-json\/wp\/v2\/tags?post=1854"}],"curies":[{"name":"wp","href":"https:\/\/api.w.org\/{rel}","templated":true}]}}