{"id":645,"date":"2021-02-14T20:19:47","date_gmt":"2021-02-14T19:19:47","guid":{"rendered":"http:\/\/wir-tschaft.jetzt\/?p=645"},"modified":"2021-03-01T18:34:42","modified_gmt":"2021-03-01T17:34:42","slug":"sharing-im-unternehmen-salonfaehig-machen","status":"publish","type":"post","link":"https:\/\/wir-tschaft.jetzt\/es\/sharing-im-unternehmen-salonfaehig-machen\/","title":{"rendered":"Hacer que compartir sea aceptable en la empresa"},"content":{"rendered":"<p><em>* Algo para prestar\/regalar<br>* Colegas:dentro<br>* Escribir un art\u00edculo corto con instrucciones<br>* Intranet \/ Messenger o similar<br>* Hablar con la direcci\u00f3n<br>* Hablar con los responsables de inform\u00e1tica<br><\/em><br><br>Compartir es la clave del cambio del sistema. Las ventajas son varias: Podemos ahorrar recursos y dinero, y no tenemos que prescindir de nada en absoluto. Adem\u00e1s, conseguimos m\u00e1s contacto con nuestros semejantes y m\u00e1s espacio en la bodega o el trastero, porque no tenemos que poseerlo todo nosotros. (Sobre todo porque necesitamos muchas cosas s\u00f3lo en contadas ocasiones: El tiempo medio de uso efectivo de los taladros privados es de 15 minutos a lo largo de la vida, y sin embargo casi todos los hogares tienen uno).<br>Sin embargo, en la mente de muchas personas sigue prevaleciendo la idea de que compartir es algo \"poco cool\". Lo que ocurre es lo contrario. En las comunidades innovadoras, la idea de compartir es una pr\u00e1ctica habitual desde hace tiempo. En la corriente principal, la idea se est\u00e1 filtrando lentamente. Sea pionero y establezca una plataforma de pr\u00e9stamos y donaciones en su empresa. <br><br>Para ello es necesario elaborar una lista de cosas que se pueden prestar o regalar. Inicie una llamada: \u00bfQui\u00e9n tiene algo para regalar, qui\u00e9n puede prestar algo? Es una gran ocasi\u00f3n para probar la econom\u00eda de compartir y dar. Como alternativa a regalar cosas, ofr\u00e9celas con un precio de \"paga lo que quieras\". Este es tambi\u00e9n un enfoque para nuevos impulsos.<br><br><strong>Es importante:<\/strong> No se trata de obtener beneficios, sino de ahorrar recursos juntos.<br><br><strong>Variaci\u00f3n 1<\/strong><br>Establezca un \"estante de regalos\" en la cocina del caf\u00e9 o en la sala de descanso si no es posible digitalmente o no tiene sentido para su empresa.<br><br><strong>Variaci\u00f3n 2<\/strong><br>Si no funciona en la plataforma de Internet de tu empresa, puedes crear un \"grupo de b\u00fasqueda de ofertas\" en tu aplicaci\u00f3n de Messenger e invitar a tus compa\u00f1eros a unirse.<br><br><strong>Variaci\u00f3n 3 <\/strong><br>- para organizaciones especialmente innovadoras: La plataforma de intercambio tambi\u00e9n es accesible para socios, proveedores y clientes.<br><br><strong>Variaci\u00f3n 4<\/strong><br>Adem\u00e1s de las cosas, tambi\u00e9n hay que compartir habilidades, en el sentido de \"ayuda al vecino\" (cambiar neum\u00e1ticos, hacer un agujero en la pared, etc.).<br><br><strong>Pruebe esta receta ahora mismo.<\/strong><br><strong>Si has probado la receta o la has modificado, \u00a1comenta!<\/strong><br><br><\/p>\n\n\n\n<div class=\"wp-block-buttons is-layout-flex wp-block-buttons-is-layout-flex\">\n<div class=\"wp-block-button is-style-outline is-style-outline--2\"><a class=\"wp-block-button__link no-border-radius\" href=\"http:\/\/wir-tschaft.jetzt\/wp-content\/uploads\/REZEPT-Sharing-im-Unternehmen.pdf\" target=\"_blank\" rel=\"http:\/\/wir-tschaft.jetzt\/wp-content\/uploads\/REZEPT-Sharing-im-Unternehmen.pdf noopener noreferrer\">Descargar la receta en PDF<\/a><\/div>\n<\/div>\n\n\n\n<p><br><br><br><\/p>\n\n\n\n<hr class=\"wp-block-separator has-text-color has-background has-black-background-color has-black-color is-style-wide\"\/>\n\n\n\n<p>Esta receta es de<br><strong>Kerstin Seeger<\/strong><\/p>","protected":false},"excerpt":{"rendered":"<p>* Algo para prestar \/ regalar* Colegas* Escribir un breve art\u00edculo con instrucciones* Intranet \/ Messenger o similar* Discusi\u00f3n con la direcci\u00f3n* Discusi\u00f3n con el responsable de TI Compartir (alem\u00e1n)<a href=\"https:\/\/wir-tschaft.jetzt\/es\/sharing-im-unternehmen-salonfaehig-machen\/\" class=\"more-link\">Ver m\u00e1s<\/a><\/p>","protected":false},"author":3,"featured_media":644,"comment_status":"open","ping_status":"open","sticky":false,"template":"","format":"standard","meta":{"footnotes":""},"categories":[14,12],"tags":[],"class_list":["post-645","post","type-post","status-publish","format-standard","has-post-thumbnail","hentry","category-alle-rezepte","category-fortgeschritten"],"yoast_head":"<!-- This site is optimized with the Yoast SEO plugin v24.5 - https:\/\/yoast.com\/wordpress\/plugins\/seo\/ -->\n<title>Sharing im Unternehmen salonf\u00e4hig machen<\/title>\n<meta name=\"robots\" content=\"index, follow, max-snippet:-1, max-image-preview:large, max-video-preview:-1\" \/>\n<link rel=\"canonical\" href=\"https:\/\/wir-tschaft.jetzt\/es\/sharing-im-unternehmen-salonfaehig-machen\/\" \/>\n<meta property=\"og:locale\" content=\"es_ES\" \/>\n<meta property=\"og:type\" content=\"article\" \/>\n<meta property=\"og:title\" content=\"Sharing im Unternehmen salonf\u00e4hig machen\" \/>\n<meta property=\"og:description\" content=\"* Etwas zum Verleihen \/ Verschenken* Kolleg:innen* einen Kurz-Beitrag mit Anleitung schreiben* Intranet \/ Messenger oder \u00c4hnliches* Gespr\u00e4ch mit Leitung* Gespr\u00e4ch mit IT-Verantwortlichen Sharing (dt.Ver m\u00e1s\" \/>\n<meta property=\"og:url\" content=\"https:\/\/wir-tschaft.jetzt\/es\/sharing-im-unternehmen-salonfaehig-machen\/\" \/>\n<meta property=\"og:site_name\" content=\"WIR wie WIRtschaft\" \/>\n<meta property=\"article:publisher\" content=\"https:\/\/www.facebook.com\/Wir.wie.WIRtschaft\/\" \/>\n<meta property=\"article:published_time\" content=\"2021-02-14T19:19:47+00:00\" \/>\n<meta property=\"article:modified_time\" content=\"2021-03-01T17:34:42+00:00\" \/>\n<meta property=\"og:image\" content=\"https:\/\/wir-tschaft.jetzt\/wp-content\/uploads\/Rezepte-Sharing-im-Unternehmen.jpg\" \/>\n\t<meta property=\"og:image:width\" content=\"400\" \/>\n\t<meta property=\"og:image:height\" content=\"400\" \/>\n\t<meta property=\"og:image:type\" content=\"image\/jpeg\" \/>\n<meta name=\"author\" content=\"Kerstin Seeger\" \/>\n<meta name=\"twitter:card\" content=\"summary_large_image\" \/>\n<meta name=\"twitter:creator\" content=\"@WTschaft\" \/>\n<meta name=\"twitter:site\" content=\"@WTschaft\" \/>\n<meta name=\"twitter:label1\" content=\"Escrito por\" \/>\n\t<meta name=\"twitter:data1\" content=\"Kerstin Seeger\" \/>\n\t<meta name=\"twitter:label2\" content=\"Tiempo de lectura\" \/>\n\t<meta name=\"twitter:data2\" content=\"2 minutos\" \/>\n<script type=\"application\/ld+json\" class=\"yoast-schema-graph\">{\"@context\":\"https:\/\/schema.org\",\"@graph\":[{\"@type\":\"Article\",\"@id\":\"https:\/\/wir-tschaft.jetzt\/sharing-im-unternehmen-salonfaehig-machen\/#article\",\"isPartOf\":{\"@id\":\"https:\/\/wir-tschaft.jetzt\/sharing-im-unternehmen-salonfaehig-machen\/\"},\"author\":{\"name\":\"Kerstin Seeger\",\"@id\":\"https:\/\/wir-tschaft.jetzt\/#\/schema\/person\/52621500b65971178efcd6c7248aba51\"},\"headline\":\"Sharing im Unternehmen salonf\u00e4hig machen\",\"datePublished\":\"2021-02-14T19:19:47+00:00\",\"dateModified\":\"2021-03-01T17:34:42+00:00\",\"mainEntityOfPage\":{\"@id\":\"https:\/\/wir-tschaft.jetzt\/sharing-im-unternehmen-salonfaehig-machen\/\"},\"wordCount\":351,\"commentCount\":0,\"publisher\":{\"@id\":\"https:\/\/wir-tschaft.jetzt\/#organization\"},\"image\":{\"@id\":\"https:\/\/wir-tschaft.jetzt\/sharing-im-unternehmen-salonfaehig-machen\/#primaryimage\"},\"thumbnailUrl\":\"https:\/\/wir-tschaft.jetzt\/wp-content\/uploads\/Rezepte-Sharing-im-Unternehmen.jpg\",\"articleSection\":[\"Alle Rezepte\",\"fortgeschritten\"],\"inLanguage\":\"es\",\"potentialAction\":[{\"@type\":\"CommentAction\",\"name\":\"Comment\",\"target\":[\"https:\/\/wir-tschaft.jetzt\/sharing-im-unternehmen-salonfaehig-machen\/#respond\"]}]},{\"@type\":\"WebPage\",\"@id\":\"https:\/\/wir-tschaft.jetzt\/sharing-im-unternehmen-salonfaehig-machen\/\",\"url\":\"https:\/\/wir-tschaft.jetzt\/sharing-im-unternehmen-salonfaehig-machen\/\",\"name\":\"Sharing im Unternehmen salonf\u00e4hig machen\",\"isPartOf\":{\"@id\":\"https:\/\/wir-tschaft.jetzt\/#website\"},\"primaryImageOfPage\":{\"@id\":\"https:\/\/wir-tschaft.jetzt\/sharing-im-unternehmen-salonfaehig-machen\/#primaryimage\"},\"image\":{\"@id\":\"https:\/\/wir-tschaft.jetzt\/sharing-im-unternehmen-salonfaehig-machen\/#primaryimage\"},\"thumbnailUrl\":\"https:\/\/wir-tschaft.jetzt\/wp-content\/uploads\/Rezepte-Sharing-im-Unternehmen.jpg\",\"datePublished\":\"2021-02-14T19:19:47+00:00\",\"dateModified\":\"2021-03-01T17:34:42+00:00\",\"breadcrumb\":{\"@id\":\"https:\/\/wir-tschaft.jetzt\/sharing-im-unternehmen-salonfaehig-machen\/#breadcrumb\"},\"inLanguage\":\"es\",\"potentialAction\":[{\"@type\":\"ReadAction\",\"target\":[\"https:\/\/wir-tschaft.jetzt\/sharing-im-unternehmen-salonfaehig-machen\/\"]}]},{\"@type\":\"ImageObject\",\"inLanguage\":\"es\",\"@id\":\"https:\/\/wir-tschaft.jetzt\/sharing-im-unternehmen-salonfaehig-machen\/#primaryimage\",\"url\":\"https:\/\/wir-tschaft.jetzt\/wp-content\/uploads\/Rezepte-Sharing-im-Unternehmen.jpg\",\"contentUrl\":\"https:\/\/wir-tschaft.jetzt\/wp-content\/uploads\/Rezepte-Sharing-im-Unternehmen.jpg\",\"width\":400,\"height\":400},{\"@type\":\"BreadcrumbList\",\"@id\":\"https:\/\/wir-tschaft.jetzt\/sharing-im-unternehmen-salonfaehig-machen\/#breadcrumb\",\"itemListElement\":[{\"@type\":\"ListItem\",\"position\":1,\"name\":\"Startseite\",\"item\":\"https:\/\/wir-tschaft.jetzt\/\"},{\"@type\":\"ListItem\",\"position\":2,\"name\":\"Sharing im Unternehmen salonf\u00e4hig machen\"}]},{\"@type\":\"WebSite\",\"@id\":\"https:\/\/wir-tschaft.jetzt\/#website\",\"url\":\"https:\/\/wir-tschaft.jetzt\/\",\"name\":\"WIR wie WIRtschaft\",\"description\":\"WIRtschaft gemeinsam neu kochen\",\"publisher\":{\"@id\":\"https:\/\/wir-tschaft.jetzt\/#organization\"},\"potentialAction\":[{\"@type\":\"SearchAction\",\"target\":{\"@type\":\"EntryPoint\",\"urlTemplate\":\"https:\/\/wir-tschaft.jetzt\/?s={search_term_string}\"},\"query-input\":{\"@type\":\"PropertyValueSpecification\",\"valueRequired\":true,\"valueName\":\"search_term_string\"}}],\"inLanguage\":\"es\"},{\"@type\":\"Organization\",\"@id\":\"https:\/\/wir-tschaft.jetzt\/#organization\",\"name\":\"WIR wie WIRtschaft\",\"url\":\"https:\/\/wir-tschaft.jetzt\/\",\"logo\":{\"@type\":\"ImageObject\",\"inLanguage\":\"es\",\"@id\":\"https:\/\/wir-tschaft.jetzt\/#\/schema\/logo\/image\/\",\"url\":\"https:\/\/wir-tschaft.jetzt\/wp-content\/uploads\/2020\/12\/WIRtschaft-Logo800x600.png\",\"contentUrl\":\"https:\/\/wir-tschaft.jetzt\/wp-content\/uploads\/2020\/12\/WIRtschaft-Logo800x600.png\",\"width\":1667,\"height\":1250,\"caption\":\"WIR wie WIRtschaft\"},\"image\":{\"@id\":\"https:\/\/wir-tschaft.jetzt\/#\/schema\/logo\/image\/\"},\"sameAs\":[\"https:\/\/www.facebook.com\/Wir.wie.WIRtschaft\/\",\"https:\/\/x.com\/WTschaft\",\"https:\/\/www.instagram.com\/wir_tschaft\/\"]},{\"@type\":\"Person\",\"@id\":\"https:\/\/wir-tschaft.jetzt\/#\/schema\/person\/52621500b65971178efcd6c7248aba51\",\"name\":\"Kerstin Seeger\",\"image\":{\"@type\":\"ImageObject\",\"inLanguage\":\"es\",\"@id\":\"https:\/\/wir-tschaft.jetzt\/#\/schema\/person\/image\/\",\"url\":\"https:\/\/secure.gravatar.com\/avatar\/b2dc6ac5feee3b5fbbfc5cac024efff0?s=96&d=mm&r=g\",\"contentUrl\":\"https:\/\/secure.gravatar.com\/avatar\/b2dc6ac5feee3b5fbbfc5cac024efff0?s=96&d=mm&r=g\",\"caption\":\"Kerstin Seeger\"},\"url\":\"https:\/\/wir-tschaft.jetzt\/es\/author\/kerstin\/\"}]}<\/script>\n<!-- \/ Yoast SEO plugin. -->","yoast_head_json":{"title":"Sharing im Unternehmen salonf\u00e4hig machen","robots":{"index":"index","follow":"follow","max-snippet":"max-snippet:-1","max-image-preview":"max-image-preview:large","max-video-preview":"max-video-preview:-1"},"canonical":"https:\/\/wir-tschaft.jetzt\/es\/sharing-im-unternehmen-salonfaehig-machen\/","og_locale":"es_ES","og_type":"article","og_title":"Sharing im Unternehmen salonf\u00e4hig machen","og_description":"* Etwas zum Verleihen \/ Verschenken* Kolleg:innen* einen Kurz-Beitrag mit Anleitung schreiben* Intranet \/ Messenger oder \u00c4hnliches* Gespr\u00e4ch mit Leitung* Gespr\u00e4ch mit IT-Verantwortlichen Sharing (dt.Ver m\u00e1s","og_url":"https:\/\/wir-tschaft.jetzt\/es\/sharing-im-unternehmen-salonfaehig-machen\/","og_site_name":"WIR wie WIRtschaft","article_publisher":"https:\/\/www.facebook.com\/Wir.wie.WIRtschaft\/","article_published_time":"2021-02-14T19:19:47+00:00","article_modified_time":"2021-03-01T17:34:42+00:00","og_image":[{"width":400,"height":400,"url":"https:\/\/wir-tschaft.jetzt\/wp-content\/uploads\/Rezepte-Sharing-im-Unternehmen.jpg","type":"image\/jpeg"}],"author":"Kerstin Seeger","twitter_card":"summary_large_image","twitter_creator":"@WTschaft","twitter_site":"@WTschaft","twitter_misc":{"Escrito por":"Kerstin Seeger","Tiempo de lectura":"2 minutos"},"schema":{"@context":"https:\/\/schema.org","@graph":[{"@type":"Article","@id":"https:\/\/wir-tschaft.jetzt\/sharing-im-unternehmen-salonfaehig-machen\/#article","isPartOf":{"@id":"https:\/\/wir-tschaft.jetzt\/sharing-im-unternehmen-salonfaehig-machen\/"},"author":{"name":"Kerstin Seeger","@id":"https:\/\/wir-tschaft.jetzt\/#\/schema\/person\/52621500b65971178efcd6c7248aba51"},"headline":"Sharing im Unternehmen salonf\u00e4hig machen","datePublished":"2021-02-14T19:19:47+00:00","dateModified":"2021-03-01T17:34:42+00:00","mainEntityOfPage":{"@id":"https:\/\/wir-tschaft.jetzt\/sharing-im-unternehmen-salonfaehig-machen\/"},"wordCount":351,"commentCount":0,"publisher":{"@id":"https:\/\/wir-tschaft.jetzt\/#organization"},"image":{"@id":"https:\/\/wir-tschaft.jetzt\/sharing-im-unternehmen-salonfaehig-machen\/#primaryimage"},"thumbnailUrl":"https:\/\/wir-tschaft.jetzt\/wp-content\/uploads\/Rezepte-Sharing-im-Unternehmen.jpg","articleSection":["Alle Rezepte","fortgeschritten"],"inLanguage":"es","potentialAction":[{"@type":"CommentAction","name":"Comment","target":["https:\/\/wir-tschaft.jetzt\/sharing-im-unternehmen-salonfaehig-machen\/#respond"]}]},{"@type":"WebPage","@id":"https:\/\/wir-tschaft.jetzt\/sharing-im-unternehmen-salonfaehig-machen\/","url":"https:\/\/wir-tschaft.jetzt\/sharing-im-unternehmen-salonfaehig-machen\/","name":"Sharing im Unternehmen salonf\u00e4hig machen","isPartOf":{"@id":"https:\/\/wir-tschaft.jetzt\/#website"},"primaryImageOfPage":{"@id":"https:\/\/wir-tschaft.jetzt\/sharing-im-unternehmen-salonfaehig-machen\/#primaryimage"},"image":{"@id":"https:\/\/wir-tschaft.jetzt\/sharing-im-unternehmen-salonfaehig-machen\/#primaryimage"},"thumbnailUrl":"https:\/\/wir-tschaft.jetzt\/wp-content\/uploads\/Rezepte-Sharing-im-Unternehmen.jpg","datePublished":"2021-02-14T19:19:47+00:00","dateModified":"2021-03-01T17:34:42+00:00","breadcrumb":{"@id":"https:\/\/wir-tschaft.jetzt\/sharing-im-unternehmen-salonfaehig-machen\/#breadcrumb"},"inLanguage":"es","potentialAction":[{"@type":"ReadAction","target":["https:\/\/wir-tschaft.jetzt\/sharing-im-unternehmen-salonfaehig-machen\/"]}]},{"@type":"ImageObject","inLanguage":"es","@id":"https:\/\/wir-tschaft.jetzt\/sharing-im-unternehmen-salonfaehig-machen\/#primaryimage","url":"https:\/\/wir-tschaft.jetzt\/wp-content\/uploads\/Rezepte-Sharing-im-Unternehmen.jpg","contentUrl":"https:\/\/wir-tschaft.jetzt\/wp-content\/uploads\/Rezepte-Sharing-im-Unternehmen.jpg","width":400,"height":400},{"@type":"BreadcrumbList","@id":"https:\/\/wir-tschaft.jetzt\/sharing-im-unternehmen-salonfaehig-machen\/#breadcrumb","itemListElement":[{"@type":"ListItem","position":1,"name":"Startseite","item":"https:\/\/wir-tschaft.jetzt\/"},{"@type":"ListItem","position":2,"name":"Sharing im Unternehmen salonf\u00e4hig machen"}]},{"@type":"WebSite","@id":"https:\/\/wir-tschaft.jetzt\/#website","url":"https:\/\/wir-tschaft.jetzt\/","name":"WIR wie WIRtschaft","description":"WIRtschaft gemeinsam neu kochen","publisher":{"@id":"https:\/\/wir-tschaft.jetzt\/#organization"},"potentialAction":[{"@type":"SearchAction","target":{"@type":"EntryPoint","urlTemplate":"https:\/\/wir-tschaft.jetzt\/?s={search_term_string}"},"query-input":{"@type":"PropertyValueSpecification","valueRequired":true,"valueName":"search_term_string"}}],"inLanguage":"es"},{"@type":"Organization","@id":"https:\/\/wir-tschaft.jetzt\/#organization","name":"WIR wie WIRtschaft","url":"https:\/\/wir-tschaft.jetzt\/","logo":{"@type":"ImageObject","inLanguage":"es","@id":"https:\/\/wir-tschaft.jetzt\/#\/schema\/logo\/image\/","url":"https:\/\/wir-tschaft.jetzt\/wp-content\/uploads\/2020\/12\/WIRtschaft-Logo800x600.png","contentUrl":"https:\/\/wir-tschaft.jetzt\/wp-content\/uploads\/2020\/12\/WIRtschaft-Logo800x600.png","width":1667,"height":1250,"caption":"WIR wie WIRtschaft"},"image":{"@id":"https:\/\/wir-tschaft.jetzt\/#\/schema\/logo\/image\/"},"sameAs":["https:\/\/www.facebook.com\/Wir.wie.WIRtschaft\/","https:\/\/x.com\/WTschaft","https:\/\/www.instagram.com\/wir_tschaft\/"]},{"@type":"Person","@id":"https:\/\/wir-tschaft.jetzt\/#\/schema\/person\/52621500b65971178efcd6c7248aba51","name":"Kerstin Seeger","image":{"@type":"ImageObject","inLanguage":"es","@id":"https:\/\/wir-tschaft.jetzt\/#\/schema\/person\/image\/","url":"https:\/\/secure.gravatar.com\/avatar\/b2dc6ac5feee3b5fbbfc5cac024efff0?s=96&d=mm&r=g","contentUrl":"https:\/\/secure.gravatar.com\/avatar\/b2dc6ac5feee3b5fbbfc5cac024efff0?s=96&d=mm&r=g","caption":"Kerstin Seeger"},"url":"https:\/\/wir-tschaft.jetzt\/es\/author\/kerstin\/"}]}},"_links":{"self":[{"href":"https:\/\/wir-tschaft.jetzt\/es\/wp-json\/wp\/v2\/posts\/645","targetHints":{"allow":["GET"]}}],"collection":[{"href":"https:\/\/wir-tschaft.jetzt\/es\/wp-json\/wp\/v2\/posts"}],"about":[{"href":"https:\/\/wir-tschaft.jetzt\/es\/wp-json\/wp\/v2\/types\/post"}],"author":[{"embeddable":true,"href":"https:\/\/wir-tschaft.jetzt\/es\/wp-json\/wp\/v2\/users\/3"}],"replies":[{"embeddable":true,"href":"https:\/\/wir-tschaft.jetzt\/es\/wp-json\/wp\/v2\/comments?post=645"}],"version-history":[{"count":4,"href":"https:\/\/wir-tschaft.jetzt\/es\/wp-json\/wp\/v2\/posts\/645\/revisions"}],"predecessor-version":[{"id":1073,"href":"https:\/\/wir-tschaft.jetzt\/es\/wp-json\/wp\/v2\/posts\/645\/revisions\/1073"}],"wp:featuredmedia":[{"embeddable":true,"href":"https:\/\/wir-tschaft.jetzt\/es\/wp-json\/wp\/v2\/media\/644"}],"wp:attachment":[{"href":"https:\/\/wir-tschaft.jetzt\/es\/wp-json\/wp\/v2\/media?parent=645"}],"wp:term":[{"taxonomy":"category","embeddable":true,"href":"https:\/\/wir-tschaft.jetzt\/es\/wp-json\/wp\/v2\/categories?post=645"},{"taxonomy":"post_tag","embeddable":true,"href":"https:\/\/wir-tschaft.jetzt\/es\/wp-json\/wp\/v2\/tags?post=645"}],"curies":[{"name":"wp","href":"https:\/\/api.w.org\/{rel}","templated":true}]}}